		
		{"items":"\t\t\t<link rel=\"stylesheet\" id=\"wd-photoswipe-css\" href=\"https:\/\/viatgessantamar.es\/wp-content\/themes\/woodmart\/css\/parts\/lib-photoswipe.min.css?ver=8.1.2\" type=\"text\/css\" media=\"all\" \/> \t\t\t\t\t\t<link rel=\"stylesheet\" id=\"wd-project-text-hover-css\" href=\"https:\/\/viatgessantamar.es\/wp-content\/themes\/woodmart\/css\/parts\/project-text-hover.min.css?ver=8.1.2\" type=\"text\/css\" media=\"all\" \/> \t\t\t\n\t\t\n\t\t\n\t\t\t\t\t\t\t\t\n<article id=\"post-16193\" class=\"wd-project portfolio-entry wd-col masonry-item portfolio-hover proj-cat-1-dia proj-cat-estandares proj-cat-excursiones post-16193 portfolio type-portfolio status-publish has-post-thumbnail hentry project-cat-1-dia project-cat-estandares project-cat-excursiones\">\n\t<header class=\"entry-header\">\n\t\t\t\t\t<figure class=\"entry-thumbnail color-scheme-light\">\n\t\t\t\t<a href=\"https:\/\/viatgessantamar.es\/portfolio\/gran-mercadillo-de-vic\/\" class=\"portfolio-thumbnail\">\n\t\t\t\t\t<img width=\"1300\" height=\"327\" src=\"https:\/\/viatgessantamar.es\/wp-content\/uploads\/2025\/06\/Vic_panoramica-1300x327.jpg\" class=\"attachment-large size-large\" alt=\"\" decoding=\"async\" srcset=\"https:\/\/viatgessantamar.es\/wp-content\/uploads\/2025\/06\/Vic_panoramica-1300x327.jpg 1300w, https:\/\/viatgessantamar.es\/wp-content\/uploads\/2025\/06\/Vic_panoramica-768x193.jpg 768w, https:\/\/viatgessantamar.es\/wp-content\/uploads\/2025\/06\/Vic_panoramica-1536x387.jpg 1536w, https:\/\/viatgessantamar.es\/wp-content\/uploads\/2025\/06\/Vic_panoramica-700x176.jpg 700w\" sizes=\"(max-width: 1300px) 100vw, 1300px\" \/>\t\t\t\t<\/a>\n\t\t\t\t<div class=\"wd-portfolio-btns\">\n\t\t\t\t\t<div class=\"portfolio-enlarge wd-action-btn wd-style-icon wd-enlarge-icon\">\n\t\t\t\t\t\t<a href=\"https:\/\/viatgessantamar.es\/wp-content\/uploads\/2025\/06\/Vic_panoramica-e1749882236335.jpg\" data-elementor-open-lightbox=\"no\">View Large<\/a>\n\t\t\t\t\t<\/div>\n\t\t\t\t\t\t\t\t\t\t\t<div class=\"social-icons-wrapper wd-action-btn wd-style-icon wd-share-icon wd-tltp\">\n\t\t\t\t\t\t\t<a><\/a>\n\t\t\t\t\t\t\t<div class=\"tooltip left\">\n\t\t\t\t\t\t\t\t<div class=\"tooltip-arrow\"><\/div>\n\t\t\t\t\t\t\t\t<div class=\"tooltip-inner\">\n\t\t\t\t\t\t\t\t\t\t\t\t<link rel=\"stylesheet\" id=\"wd-social-icons-css\" href=\"https:\/\/viatgessantamar.es\/wp-content\/themes\/woodmart\/css\/parts\/el-social-icons.min.css?ver=8.1.2\" type=\"text\/css\" media=\"all\" \/> \t\t\t\t\t\t<div id=\"\" class=\" wd-social-icons wd-style-default wd-size-small social-share wd-shape-circle color-scheme-light text-center\">\n\t\t\t\t\n\t\t\t\t\n\t\t\t\t\t\t\t\t\t<a rel=\"noopener noreferrer nofollow\" href=\"https:\/\/www.facebook.com\/sharer\/sharer.php?u=https:\/\/viatgessantamar.es\/portfolio\/gran-mercadillo-de-vic\/\" target=\"_blank\" class=\" wd-social-icon social-facebook\" aria-label=\"Facebook social link\">\n\t\t\t\t\t\t<span class=\"wd-icon\"><\/span>\n\t\t\t\t\t\t\t\t\t\t\t<\/a>\n\t\t\t\t\n\t\t\t\t\t\t\t\t\t<a rel=\"noopener noreferrer nofollow\" href=\"https:\/\/x.com\/share?url=https:\/\/viatgessantamar.es\/portfolio\/gran-mercadillo-de-vic\/\" target=\"_blank\" class=\" wd-social-icon social-twitter\" aria-label=\"X social link\">\n\t\t\t\t\t\t<span class=\"wd-icon\"><\/span>\n\t\t\t\t\t\t\t\t\t\t\t<\/a>\n\t\t\t\t\n\t\t\t\t\n\t\t\t\t\n\t\t\t\t\n\t\t\t\t\n\t\t\t\t\n\t\t\t\t\t\t\t\t\t<a rel=\"noopener noreferrer nofollow\" href=\"https:\/\/pinterest.com\/pin\/create\/button\/?url=https:\/\/viatgessantamar.es\/portfolio\/gran-mercadillo-de-vic\/&media=https:\/\/viatgessantamar.es\/wp-content\/uploads\/2025\/06\/Vic_panoramica-e1749882236335.jpg&description=Gran+Mercadillo+de+Vic\" target=\"_blank\" class=\" wd-social-icon social-pinterest\" aria-label=\"Pinterest social link\">\n\t\t\t\t\t\t<span class=\"wd-icon\"><\/span>\n\t\t\t\t\t\t\t\t\t\t\t<\/a>\n\t\t\t\t\n\t\t\t\t\n\t\t\t\t\t\t\t\t\t<a rel=\"noopener noreferrer nofollow\" href=\"https:\/\/www.linkedin.com\/shareArticle?mini=true&url=https:\/\/viatgessantamar.es\/portfolio\/gran-mercadillo-de-vic\/\" target=\"_blank\" class=\" wd-social-icon social-linkedin\" aria-label=\"Linkedin social link\">\n\t\t\t\t\t\t<span class=\"wd-icon\"><\/span>\n\t\t\t\t\t\t\t\t\t\t\t<\/a>\n\t\t\t\t\n\t\t\t\t\n\t\t\t\t\n\t\t\t\t\n\t\t\t\t\n\t\t\t\t\n\t\t\t\t\n\t\t\t\t\n\t\t\t\t\n\t\t\t\t\n\t\t\t\t\n\t\t\t\t\n\t\t\t\t\n\t\t\t\t\n\t\t\t\t\n\t\t\t\t\n\t\t\t\t\t\t\t\t\t<a rel=\"noopener noreferrer nofollow\" href=\"https:\/\/telegram.me\/share\/url?url=https:\/\/viatgessantamar.es\/portfolio\/gran-mercadillo-de-vic\/\" target=\"_blank\" class=\" wd-social-icon social-tg\" aria-label=\"Telegram social link\">\n\t\t\t\t\t\t<span class=\"wd-icon\"><\/span>\n\t\t\t\t\t\t\t\t\t\t\t<\/a>\n\t\t\t\t\n\t\t\t\t\n\t\t\t<\/div>\n\n\t\t\t\t\t\t\t\t\t\t<\/div>\n\t\t\t\t\t\t\t<\/div>\n\t\t\t\t\t\t<\/div>\n\t\t\t\t\t\t\t\t\t<\/div>\n\t\t\t<\/figure>\n\t\t\n\t\t<div class=\"portfolio-info color-scheme-light\">\n\t\t\t\t\t\t\t<div class=\"wrap-meta\">\n\t\t\t\t\t<ul class=\"proj-cats-list\">\n\t\t\t\t\t\t\t\t\t\t\t\t\t\t\t\t\t\t\t\t<li>1 D\u00eda<\/li>\n\t\t\t\t\t\t\t\t\t\t\t\t\t\t\t\t\t\t\t\t<li>Est\u00e1ndares<\/li>\n\t\t\t\t\t\t\t\t\t\t\t\t\t\t\t\t\t\t\t\t<li>Excursiones<\/li>\n\t\t\t\t\t\t\t\t\t\t\t<\/ul>\n\t\t\t\t<\/div>\n\t\t\t\n\t\t\t<div class=\"wrap-title\">\n\t\t\t\t<h3 class=\"wd-entities-title\">\n\t\t\t\t\t<a href=\"https:\/\/viatgessantamar.es\/portfolio\/gran-mercadillo-de-vic\/\" rel=\"bookmark\">Gran Mercadillo de Vic<\/a>\n\t\t\t\t<\/h3>\n\t\t\t<\/div>\n\t\t<\/div>\n\t<\/header>\n<\/article>\n\t\t\t\t\t\t\t\t\n<article id=\"post-16187\" class=\"wd-project portfolio-entry wd-col masonry-item portfolio-hover proj-cat-1-dia proj-cat-estandares proj-cat-excursiones post-16187 portfolio type-portfolio status-publish has-post-thumbnail hentry project-cat-1-dia project-cat-estandares project-cat-excursiones\">\n\t<header class=\"entry-header\">\n\t\t\t\t\t<figure class=\"entry-thumbnail color-scheme-light\">\n\t\t\t\t<a href=\"https:\/\/viatgessantamar.es\/portfolio\/sant-joan-de-les-abadesses-y-olot\/\" class=\"portfolio-thumbnail\">\n\t\t\t\t\t<img width=\"800\" height=\"600\" src=\"https:\/\/viatgessantamar.es\/wp-content\/uploads\/2025\/06\/Sant_joan_de_les_abadesses_ripolles.jpg\" class=\"attachment-large size-large\" alt=\"\" decoding=\"async\" srcset=\"https:\/\/viatgessantamar.es\/wp-content\/uploads\/2025\/06\/Sant_joan_de_les_abadesses_ripolles.jpg 800w, https:\/\/viatgessantamar.es\/wp-content\/uploads\/2025\/06\/Sant_joan_de_les_abadesses_ripolles-400x300.jpg 400w, https:\/\/viatgessantamar.es\/wp-content\/uploads\/2025\/06\/Sant_joan_de_les_abadesses_ripolles-768x576.jpg 768w, https:\/\/viatgessantamar.es\/wp-content\/uploads\/2025\/06\/Sant_joan_de_les_abadesses_ripolles-430x323.jpg 430w, https:\/\/viatgessantamar.es\/wp-content\/uploads\/2025\/06\/Sant_joan_de_les_abadesses_ripolles-700x525.jpg 700w, https:\/\/viatgessantamar.es\/wp-content\/uploads\/2025\/06\/Sant_joan_de_les_abadesses_ripolles-150x113.jpg 150w\" sizes=\"(max-width: 800px) 100vw, 800px\" \/>\t\t\t\t<\/a>\n\t\t\t\t<div class=\"wd-portfolio-btns\">\n\t\t\t\t\t<div class=\"portfolio-enlarge wd-action-btn wd-style-icon wd-enlarge-icon\">\n\t\t\t\t\t\t<a href=\"https:\/\/viatgessantamar.es\/wp-content\/uploads\/2025\/06\/Sant_joan_de_les_abadesses_ripolles.jpg\" data-elementor-open-lightbox=\"no\">View Large<\/a>\n\t\t\t\t\t<\/div>\n\t\t\t\t\t\t\t\t\t\t\t<div class=\"social-icons-wrapper wd-action-btn wd-style-icon wd-share-icon wd-tltp\">\n\t\t\t\t\t\t\t<a><\/a>\n\t\t\t\t\t\t\t<div class=\"tooltip left\">\n\t\t\t\t\t\t\t\t<div class=\"tooltip-arrow\"><\/div>\n\t\t\t\t\t\t\t\t<div class=\"tooltip-inner\">\n\t\t\t\t\t\t\t\t\t\t\t\t<div id=\"\" class=\" wd-social-icons wd-style-default wd-size-small social-share wd-shape-circle color-scheme-light text-center\">\n\t\t\t\t\n\t\t\t\t\n\t\t\t\t\t\t\t\t\t<a rel=\"noopener noreferrer nofollow\" href=\"https:\/\/www.facebook.com\/sharer\/sharer.php?u=https:\/\/viatgessantamar.es\/portfolio\/sant-joan-de-les-abadesses-y-olot\/\" target=\"_blank\" class=\" wd-social-icon social-facebook\" aria-label=\"Facebook social link\">\n\t\t\t\t\t\t<span class=\"wd-icon\"><\/span>\n\t\t\t\t\t\t\t\t\t\t\t<\/a>\n\t\t\t\t\n\t\t\t\t\t\t\t\t\t<a rel=\"noopener noreferrer nofollow\" href=\"https:\/\/x.com\/share?url=https:\/\/viatgessantamar.es\/portfolio\/sant-joan-de-les-abadesses-y-olot\/\" target=\"_blank\" class=\" wd-social-icon social-twitter\" aria-label=\"X social link\">\n\t\t\t\t\t\t<span class=\"wd-icon\"><\/span>\n\t\t\t\t\t\t\t\t\t\t\t<\/a>\n\t\t\t\t\n\t\t\t\t\n\t\t\t\t\n\t\t\t\t\n\t\t\t\t\n\t\t\t\t\n\t\t\t\t\t\t\t\t\t<a rel=\"noopener noreferrer nofollow\" href=\"https:\/\/pinterest.com\/pin\/create\/button\/?url=https:\/\/viatgessantamar.es\/portfolio\/sant-joan-de-les-abadesses-y-olot\/&media=https:\/\/viatgessantamar.es\/wp-content\/uploads\/2025\/06\/Sant_joan_de_les_abadesses_ripolles.jpg&description=Sant+Joan+de+les+abadesses+y+Olot\" target=\"_blank\" class=\" wd-social-icon social-pinterest\" aria-label=\"Pinterest social link\">\n\t\t\t\t\t\t<span class=\"wd-icon\"><\/span>\n\t\t\t\t\t\t\t\t\t\t\t<\/a>\n\t\t\t\t\n\t\t\t\t\n\t\t\t\t\t\t\t\t\t<a rel=\"noopener noreferrer nofollow\" href=\"https:\/\/www.linkedin.com\/shareArticle?mini=true&url=https:\/\/viatgessantamar.es\/portfolio\/sant-joan-de-les-abadesses-y-olot\/\" target=\"_blank\" class=\" wd-social-icon social-linkedin\" aria-label=\"Linkedin social link\">\n\t\t\t\t\t\t<span class=\"wd-icon\"><\/span>\n\t\t\t\t\t\t\t\t\t\t\t<\/a>\n\t\t\t\t\n\t\t\t\t\n\t\t\t\t\n\t\t\t\t\n\t\t\t\t\n\t\t\t\t\n\t\t\t\t\n\t\t\t\t\n\t\t\t\t\n\t\t\t\t\n\t\t\t\t\n\t\t\t\t\n\t\t\t\t\n\t\t\t\t\n\t\t\t\t\n\t\t\t\t\n\t\t\t\t\t\t\t\t\t<a rel=\"noopener noreferrer nofollow\" href=\"https:\/\/telegram.me\/share\/url?url=https:\/\/viatgessantamar.es\/portfolio\/sant-joan-de-les-abadesses-y-olot\/\" target=\"_blank\" class=\" wd-social-icon social-tg\" aria-label=\"Telegram social link\">\n\t\t\t\t\t\t<span class=\"wd-icon\"><\/span>\n\t\t\t\t\t\t\t\t\t\t\t<\/a>\n\t\t\t\t\n\t\t\t\t\n\t\t\t<\/div>\n\n\t\t\t\t\t\t\t\t\t\t<\/div>\n\t\t\t\t\t\t\t<\/div>\n\t\t\t\t\t\t<\/div>\n\t\t\t\t\t\t\t\t\t<\/div>\n\t\t\t<\/figure>\n\t\t\n\t\t<div class=\"portfolio-info color-scheme-light\">\n\t\t\t\t\t\t\t<div class=\"wrap-meta\">\n\t\t\t\t\t<ul class=\"proj-cats-list\">\n\t\t\t\t\t\t\t\t\t\t\t\t\t\t\t\t\t\t\t\t<li>1 D\u00eda<\/li>\n\t\t\t\t\t\t\t\t\t\t\t\t\t\t\t\t\t\t\t\t<li>Est\u00e1ndares<\/li>\n\t\t\t\t\t\t\t\t\t\t\t\t\t\t\t\t\t\t\t\t<li>Excursiones<\/li>\n\t\t\t\t\t\t\t\t\t\t\t<\/ul>\n\t\t\t\t<\/div>\n\t\t\t\n\t\t\t<div class=\"wrap-title\">\n\t\t\t\t<h3 class=\"wd-entities-title\">\n\t\t\t\t\t<a href=\"https:\/\/viatgessantamar.es\/portfolio\/sant-joan-de-les-abadesses-y-olot\/\" rel=\"bookmark\">Sant Joan de les abadesses y Olot<\/a>\n\t\t\t\t<\/h3>\n\t\t\t<\/div>\n\t\t<\/div>\n\t<\/header>\n<\/article>\n\t\t\t\t\t\t\t\t\n<article id=\"post-16181\" class=\"wd-project portfolio-entry wd-col masonry-item portfolio-hover proj-cat-1-dia proj-cat-estandares proj-cat-excursiones post-16181 portfolio type-portfolio status-publish has-post-thumbnail hentry project-cat-1-dia project-cat-estandares project-cat-excursiones\">\n\t<header class=\"entry-header\">\n\t\t\t\t\t<figure class=\"entry-thumbnail color-scheme-light\">\n\t\t\t\t<a href=\"https:\/\/viatgessantamar.es\/portfolio\/pedraforca-saldes-i-degustacion-de-cervesas-artesanales\/\" class=\"portfolio-thumbnail\">\n\t\t\t\t\t<img width=\"1067\" height=\"800\" src=\"https:\/\/viatgessantamar.es\/wp-content\/uploads\/2025\/06\/Pedraforca-1067x800.jpg\" class=\"attachment-large size-large\" alt=\"\" decoding=\"async\" srcset=\"https:\/\/viatgessantamar.es\/wp-content\/uploads\/2025\/06\/Pedraforca-1067x800.jpg 1067w, https:\/\/viatgessantamar.es\/wp-content\/uploads\/2025\/06\/Pedraforca-400x300.jpg 400w, https:\/\/viatgessantamar.es\/wp-content\/uploads\/2025\/06\/Pedraforca-768x576.jpg 768w, https:\/\/viatgessantamar.es\/wp-content\/uploads\/2025\/06\/Pedraforca-430x323.jpg 430w, https:\/\/viatgessantamar.es\/wp-content\/uploads\/2025\/06\/Pedraforca-700x525.jpg 700w, https:\/\/viatgessantamar.es\/wp-content\/uploads\/2025\/06\/Pedraforca-150x113.jpg 150w, https:\/\/viatgessantamar.es\/wp-content\/uploads\/2025\/06\/Pedraforca.jpg 1280w\" sizes=\"(max-width: 1067px) 100vw, 1067px\" \/>\t\t\t\t<\/a>\n\t\t\t\t<div class=\"wd-portfolio-btns\">\n\t\t\t\t\t<div class=\"portfolio-enlarge wd-action-btn wd-style-icon wd-enlarge-icon\">\n\t\t\t\t\t\t<a href=\"https:\/\/viatgessantamar.es\/wp-content\/uploads\/2025\/06\/Pedraforca.jpg\" data-elementor-open-lightbox=\"no\">View Large<\/a>\n\t\t\t\t\t<\/div>\n\t\t\t\t\t\t\t\t\t\t\t<div class=\"social-icons-wrapper wd-action-btn wd-style-icon wd-share-icon wd-tltp\">\n\t\t\t\t\t\t\t<a><\/a>\n\t\t\t\t\t\t\t<div class=\"tooltip left\">\n\t\t\t\t\t\t\t\t<div class=\"tooltip-arrow\"><\/div>\n\t\t\t\t\t\t\t\t<div class=\"tooltip-inner\">\n\t\t\t\t\t\t\t\t\t\t\t\t<div id=\"\" class=\" wd-social-icons wd-style-default wd-size-small social-share wd-shape-circle color-scheme-light text-center\">\n\t\t\t\t\n\t\t\t\t\n\t\t\t\t\t\t\t\t\t<a rel=\"noopener noreferrer nofollow\" href=\"https:\/\/www.facebook.com\/sharer\/sharer.php?u=https:\/\/viatgessantamar.es\/portfolio\/pedraforca-saldes-i-degustacion-de-cervesas-artesanales\/\" target=\"_blank\" class=\" wd-social-icon social-facebook\" aria-label=\"Facebook social link\">\n\t\t\t\t\t\t<span class=\"wd-icon\"><\/span>\n\t\t\t\t\t\t\t\t\t\t\t<\/a>\n\t\t\t\t\n\t\t\t\t\t\t\t\t\t<a rel=\"noopener noreferrer nofollow\" href=\"https:\/\/x.com\/share?url=https:\/\/viatgessantamar.es\/portfolio\/pedraforca-saldes-i-degustacion-de-cervesas-artesanales\/\" target=\"_blank\" class=\" wd-social-icon social-twitter\" aria-label=\"X social link\">\n\t\t\t\t\t\t<span class=\"wd-icon\"><\/span>\n\t\t\t\t\t\t\t\t\t\t\t<\/a>\n\t\t\t\t\n\t\t\t\t\n\t\t\t\t\n\t\t\t\t\n\t\t\t\t\n\t\t\t\t\n\t\t\t\t\t\t\t\t\t<a rel=\"noopener noreferrer nofollow\" href=\"https:\/\/pinterest.com\/pin\/create\/button\/?url=https:\/\/viatgessantamar.es\/portfolio\/pedraforca-saldes-i-degustacion-de-cervesas-artesanales\/&media=https:\/\/viatgessantamar.es\/wp-content\/uploads\/2025\/06\/Pedraforca.jpg&description=Pedraforca%2C+Saldes+i+degustacion+de+cervesas+artesanales\" target=\"_blank\" class=\" wd-social-icon social-pinterest\" aria-label=\"Pinterest social link\">\n\t\t\t\t\t\t<span class=\"wd-icon\"><\/span>\n\t\t\t\t\t\t\t\t\t\t\t<\/a>\n\t\t\t\t\n\t\t\t\t\n\t\t\t\t\t\t\t\t\t<a rel=\"noopener noreferrer nofollow\" href=\"https:\/\/www.linkedin.com\/shareArticle?mini=true&url=https:\/\/viatgessantamar.es\/portfolio\/pedraforca-saldes-i-degustacion-de-cervesas-artesanales\/\" target=\"_blank\" class=\" wd-social-icon social-linkedin\" aria-label=\"Linkedin social link\">\n\t\t\t\t\t\t<span class=\"wd-icon\"><\/span>\n\t\t\t\t\t\t\t\t\t\t\t<\/a>\n\t\t\t\t\n\t\t\t\t\n\t\t\t\t\n\t\t\t\t\n\t\t\t\t\n\t\t\t\t\n\t\t\t\t\n\t\t\t\t\n\t\t\t\t\n\t\t\t\t\n\t\t\t\t\n\t\t\t\t\n\t\t\t\t\n\t\t\t\t\n\t\t\t\t\n\t\t\t\t\n\t\t\t\t\t\t\t\t\t<a rel=\"noopener noreferrer nofollow\" href=\"https:\/\/telegram.me\/share\/url?url=https:\/\/viatgessantamar.es\/portfolio\/pedraforca-saldes-i-degustacion-de-cervesas-artesanales\/\" target=\"_blank\" class=\" wd-social-icon social-tg\" aria-label=\"Telegram social link\">\n\t\t\t\t\t\t<span class=\"wd-icon\"><\/span>\n\t\t\t\t\t\t\t\t\t\t\t<\/a>\n\t\t\t\t\n\t\t\t\t\n\t\t\t<\/div>\n\n\t\t\t\t\t\t\t\t\t\t<\/div>\n\t\t\t\t\t\t\t<\/div>\n\t\t\t\t\t\t<\/div>\n\t\t\t\t\t\t\t\t\t<\/div>\n\t\t\t<\/figure>\n\t\t\n\t\t<div class=\"portfolio-info color-scheme-light\">\n\t\t\t\t\t\t\t<div class=\"wrap-meta\">\n\t\t\t\t\t<ul class=\"proj-cats-list\">\n\t\t\t\t\t\t\t\t\t\t\t\t\t\t\t\t\t\t\t\t<li>1 D\u00eda<\/li>\n\t\t\t\t\t\t\t\t\t\t\t\t\t\t\t\t\t\t\t\t<li>Est\u00e1ndares<\/li>\n\t\t\t\t\t\t\t\t\t\t\t\t\t\t\t\t\t\t\t\t<li>Excursiones<\/li>\n\t\t\t\t\t\t\t\t\t\t\t<\/ul>\n\t\t\t\t<\/div>\n\t\t\t\n\t\t\t<div class=\"wrap-title\">\n\t\t\t\t<h3 class=\"wd-entities-title\">\n\t\t\t\t\t<a href=\"https:\/\/viatgessantamar.es\/portfolio\/pedraforca-saldes-i-degustacion-de-cervesas-artesanales\/\" rel=\"bookmark\">Pedraforca, Saldes i degustacion de cervesas artesanales<\/a>\n\t\t\t\t<\/h3>\n\t\t\t<\/div>\n\t\t<\/div>\n\t<\/header>\n<\/article>\n\t\t\t\t\t\t\t\t\n<article id=\"post-16175\" class=\"wd-project portfolio-entry wd-col masonry-item portfolio-hover proj-cat-1-dia proj-cat-estandares proj-cat-excursiones post-16175 portfolio type-portfolio status-publish has-post-thumbnail hentry project-cat-1-dia project-cat-estandares project-cat-excursiones\">\n\t<header class=\"entry-header\">\n\t\t\t\t\t<figure class=\"entry-thumbnail color-scheme-light\">\n\t\t\t\t<a href=\"https:\/\/viatgessantamar.es\/portfolio\/salomo-y-santuari-de-montserrat-a-montferri\/\" class=\"portfolio-thumbnail\">\n\t\t\t\t\t<img width=\"1000\" height=\"667\" src=\"https:\/\/viatgessantamar.es\/wp-content\/uploads\/2025\/06\/4644.jpg\" class=\"attachment-large size-large\" alt=\"\" decoding=\"async\" srcset=\"https:\/\/viatgessantamar.es\/wp-content\/uploads\/2025\/06\/4644.jpg 1000w, https:\/\/viatgessantamar.es\/wp-content\/uploads\/2025\/06\/4644-400x267.jpg 400w, https:\/\/viatgessantamar.es\/wp-content\/uploads\/2025\/06\/4644-768x512.jpg 768w, https:\/\/viatgessantamar.es\/wp-content\/uploads\/2025\/06\/4644-430x287.jpg 430w, https:\/\/viatgessantamar.es\/wp-content\/uploads\/2025\/06\/4644-700x467.jpg 700w, https:\/\/viatgessantamar.es\/wp-content\/uploads\/2025\/06\/4644-150x100.jpg 150w, https:\/\/viatgessantamar.es\/wp-content\/uploads\/2025\/06\/elementor\/thumbs\/4644-r7a80pxr4kflmsgpwcsp8vdvd6oevlarxdxi87684g.jpg 600w\" sizes=\"(max-width: 1000px) 100vw, 1000px\" \/>\t\t\t\t<\/a>\n\t\t\t\t<div class=\"wd-portfolio-btns\">\n\t\t\t\t\t<div class=\"portfolio-enlarge wd-action-btn wd-style-icon wd-enlarge-icon\">\n\t\t\t\t\t\t<a href=\"https:\/\/viatgessantamar.es\/wp-content\/uploads\/2025\/06\/4644.jpg\" data-elementor-open-lightbox=\"no\">View Large<\/a>\n\t\t\t\t\t<\/div>\n\t\t\t\t\t\t\t\t\t\t\t<div class=\"social-icons-wrapper wd-action-btn wd-style-icon wd-share-icon wd-tltp\">\n\t\t\t\t\t\t\t<a><\/a>\n\t\t\t\t\t\t\t<div class=\"tooltip left\">\n\t\t\t\t\t\t\t\t<div class=\"tooltip-arrow\"><\/div>\n\t\t\t\t\t\t\t\t<div class=\"tooltip-inner\">\n\t\t\t\t\t\t\t\t\t\t\t\t<div id=\"\" class=\" wd-social-icons wd-style-default wd-size-small social-share wd-shape-circle color-scheme-light text-center\">\n\t\t\t\t\n\t\t\t\t\n\t\t\t\t\t\t\t\t\t<a rel=\"noopener noreferrer nofollow\" href=\"https:\/\/www.facebook.com\/sharer\/sharer.php?u=https:\/\/viatgessantamar.es\/portfolio\/salomo-y-santuari-de-montserrat-a-montferri\/\" target=\"_blank\" class=\" wd-social-icon social-facebook\" aria-label=\"Facebook social link\">\n\t\t\t\t\t\t<span class=\"wd-icon\"><\/span>\n\t\t\t\t\t\t\t\t\t\t\t<\/a>\n\t\t\t\t\n\t\t\t\t\t\t\t\t\t<a rel=\"noopener noreferrer nofollow\" href=\"https:\/\/x.com\/share?url=https:\/\/viatgessantamar.es\/portfolio\/salomo-y-santuari-de-montserrat-a-montferri\/\" target=\"_blank\" class=\" wd-social-icon social-twitter\" aria-label=\"X social link\">\n\t\t\t\t\t\t<span class=\"wd-icon\"><\/span>\n\t\t\t\t\t\t\t\t\t\t\t<\/a>\n\t\t\t\t\n\t\t\t\t\n\t\t\t\t\n\t\t\t\t\n\t\t\t\t\n\t\t\t\t\n\t\t\t\t\t\t\t\t\t<a rel=\"noopener noreferrer nofollow\" href=\"https:\/\/pinterest.com\/pin\/create\/button\/?url=https:\/\/viatgessantamar.es\/portfolio\/salomo-y-santuari-de-montserrat-a-montferri\/&media=https:\/\/viatgessantamar.es\/wp-content\/uploads\/2025\/06\/4644.jpg&description=Salom%C3%B3+y+Santuari+de+Montserrat+a+Montferri\" target=\"_blank\" class=\" wd-social-icon social-pinterest\" aria-label=\"Pinterest social link\">\n\t\t\t\t\t\t<span class=\"wd-icon\"><\/span>\n\t\t\t\t\t\t\t\t\t\t\t<\/a>\n\t\t\t\t\n\t\t\t\t\n\t\t\t\t\t\t\t\t\t<a rel=\"noopener noreferrer nofollow\" href=\"https:\/\/www.linkedin.com\/shareArticle?mini=true&url=https:\/\/viatgessantamar.es\/portfolio\/salomo-y-santuari-de-montserrat-a-montferri\/\" target=\"_blank\" class=\" wd-social-icon social-linkedin\" aria-label=\"Linkedin social link\">\n\t\t\t\t\t\t<span class=\"wd-icon\"><\/span>\n\t\t\t\t\t\t\t\t\t\t\t<\/a>\n\t\t\t\t\n\t\t\t\t\n\t\t\t\t\n\t\t\t\t\n\t\t\t\t\n\t\t\t\t\n\t\t\t\t\n\t\t\t\t\n\t\t\t\t\n\t\t\t\t\n\t\t\t\t\n\t\t\t\t\n\t\t\t\t\n\t\t\t\t\n\t\t\t\t\n\t\t\t\t\n\t\t\t\t\t\t\t\t\t<a rel=\"noopener noreferrer nofollow\" href=\"https:\/\/telegram.me\/share\/url?url=https:\/\/viatgessantamar.es\/portfolio\/salomo-y-santuari-de-montserrat-a-montferri\/\" target=\"_blank\" class=\" wd-social-icon social-tg\" aria-label=\"Telegram social link\">\n\t\t\t\t\t\t<span class=\"wd-icon\"><\/span>\n\t\t\t\t\t\t\t\t\t\t\t<\/a>\n\t\t\t\t\n\t\t\t\t\n\t\t\t<\/div>\n\n\t\t\t\t\t\t\t\t\t\t<\/div>\n\t\t\t\t\t\t\t<\/div>\n\t\t\t\t\t\t<\/div>\n\t\t\t\t\t\t\t\t\t<\/div>\n\t\t\t<\/figure>\n\t\t\n\t\t<div class=\"portfolio-info color-scheme-light\">\n\t\t\t\t\t\t\t<div class=\"wrap-meta\">\n\t\t\t\t\t<ul class=\"proj-cats-list\">\n\t\t\t\t\t\t\t\t\t\t\t\t\t\t\t\t\t\t\t\t<li>1 D\u00eda<\/li>\n\t\t\t\t\t\t\t\t\t\t\t\t\t\t\t\t\t\t\t\t<li>Est\u00e1ndares<\/li>\n\t\t\t\t\t\t\t\t\t\t\t\t\t\t\t\t\t\t\t\t<li>Excursiones<\/li>\n\t\t\t\t\t\t\t\t\t\t\t<\/ul>\n\t\t\t\t<\/div>\n\t\t\t\n\t\t\t<div class=\"wrap-title\">\n\t\t\t\t<h3 class=\"wd-entities-title\">\n\t\t\t\t\t<a href=\"https:\/\/viatgessantamar.es\/portfolio\/salomo-y-santuari-de-montserrat-a-montferri\/\" rel=\"bookmark\">Salom\u00f3 y Santuari de Montserrat a Montferri<\/a>\n\t\t\t\t<\/h3>\n\t\t\t<\/div>\n\t\t<\/div>\n\t<\/header>\n<\/article>\n\t\t\t\t\t\t\t\t\n<article id=\"post-16164\" class=\"wd-project portfolio-entry wd-col masonry-item portfolio-hover proj-cat-1-dia proj-cat-estandares proj-cat-excursiones post-16164 portfolio type-portfolio status-publish has-post-thumbnail hentry project-cat-1-dia project-cat-estandares project-cat-excursiones\">\n\t<header class=\"entry-header\">\n\t\t\t\t\t<figure class=\"entry-thumbnail color-scheme-light\">\n\t\t\t\t<a href=\"https:\/\/viatgessantamar.es\/portfolio\/la-vall-de-nuria-amb-cremallera\/\" class=\"portfolio-thumbnail\">\n\t\t\t\t\t<img width=\"1300\" height=\"731\" src=\"https:\/\/viatgessantamar.es\/wp-content\/uploads\/2025\/06\/Vall_de_nuria-ripolles-2009_8-1300x731.jpeg\" class=\"attachment-large size-large\" alt=\"\" decoding=\"async\" srcset=\"https:\/\/viatgessantamar.es\/wp-content\/uploads\/2025\/06\/Vall_de_nuria-ripolles-2009_8-1300x731.jpeg 1300w, https:\/\/viatgessantamar.es\/wp-content\/uploads\/2025\/06\/Vall_de_nuria-ripolles-2009_8-400x225.jpeg 400w, https:\/\/viatgessantamar.es\/wp-content\/uploads\/2025\/06\/Vall_de_nuria-ripolles-2009_8-768x432.jpeg 768w, https:\/\/viatgessantamar.es\/wp-content\/uploads\/2025\/06\/Vall_de_nuria-ripolles-2009_8-1536x864.jpeg 1536w, https:\/\/viatgessantamar.es\/wp-content\/uploads\/2025\/06\/Vall_de_nuria-ripolles-2009_8-2048x1152.jpeg 2048w, https:\/\/viatgessantamar.es\/wp-content\/uploads\/2025\/06\/Vall_de_nuria-ripolles-2009_8-430x242.jpeg 430w, https:\/\/viatgessantamar.es\/wp-content\/uploads\/2025\/06\/Vall_de_nuria-ripolles-2009_8-700x394.jpeg 700w, https:\/\/viatgessantamar.es\/wp-content\/uploads\/2025\/06\/Vall_de_nuria-ripolles-2009_8-150x84.jpeg 150w\" sizes=\"(max-width: 1300px) 100vw, 1300px\" \/>\t\t\t\t<\/a>\n\t\t\t\t<div class=\"wd-portfolio-btns\">\n\t\t\t\t\t<div class=\"portfolio-enlarge wd-action-btn wd-style-icon wd-enlarge-icon\">\n\t\t\t\t\t\t<a href=\"https:\/\/viatgessantamar.es\/wp-content\/uploads\/2025\/06\/Vall_de_nuria-ripolles-2009_8-scaled.jpeg\" data-elementor-open-lightbox=\"no\">View Large<\/a>\n\t\t\t\t\t<\/div>\n\t\t\t\t\t\t\t\t\t\t\t<div class=\"social-icons-wrapper wd-action-btn wd-style-icon wd-share-icon wd-tltp\">\n\t\t\t\t\t\t\t<a><\/a>\n\t\t\t\t\t\t\t<div class=\"tooltip left\">\n\t\t\t\t\t\t\t\t<div class=\"tooltip-arrow\"><\/div>\n\t\t\t\t\t\t\t\t<div class=\"tooltip-inner\">\n\t\t\t\t\t\t\t\t\t\t\t\t<div id=\"\" class=\" wd-social-icons wd-style-default wd-size-small social-share wd-shape-circle color-scheme-light text-center\">\n\t\t\t\t\n\t\t\t\t\n\t\t\t\t\t\t\t\t\t<a rel=\"noopener noreferrer nofollow\" href=\"https:\/\/www.facebook.com\/sharer\/sharer.php?u=https:\/\/viatgessantamar.es\/portfolio\/la-vall-de-nuria-amb-cremallera\/\" target=\"_blank\" class=\" wd-social-icon social-facebook\" aria-label=\"Facebook social link\">\n\t\t\t\t\t\t<span class=\"wd-icon\"><\/span>\n\t\t\t\t\t\t\t\t\t\t\t<\/a>\n\t\t\t\t\n\t\t\t\t\t\t\t\t\t<a rel=\"noopener noreferrer nofollow\" href=\"https:\/\/x.com\/share?url=https:\/\/viatgessantamar.es\/portfolio\/la-vall-de-nuria-amb-cremallera\/\" target=\"_blank\" class=\" wd-social-icon social-twitter\" aria-label=\"X social link\">\n\t\t\t\t\t\t<span class=\"wd-icon\"><\/span>\n\t\t\t\t\t\t\t\t\t\t\t<\/a>\n\t\t\t\t\n\t\t\t\t\n\t\t\t\t\n\t\t\t\t\n\t\t\t\t\n\t\t\t\t\n\t\t\t\t\t\t\t\t\t<a rel=\"noopener noreferrer nofollow\" href=\"https:\/\/pinterest.com\/pin\/create\/button\/?url=https:\/\/viatgessantamar.es\/portfolio\/la-vall-de-nuria-amb-cremallera\/&media=https:\/\/viatgessantamar.es\/wp-content\/uploads\/2025\/06\/Vall_de_nuria-ripolles-2009_8-scaled.jpeg&description=La+Vall+de+N%C3%BAria+amb+Cremallera\" target=\"_blank\" class=\" wd-social-icon social-pinterest\" aria-label=\"Pinterest social link\">\n\t\t\t\t\t\t<span class=\"wd-icon\"><\/span>\n\t\t\t\t\t\t\t\t\t\t\t<\/a>\n\t\t\t\t\n\t\t\t\t\n\t\t\t\t\t\t\t\t\t<a rel=\"noopener noreferrer nofollow\" href=\"https:\/\/www.linkedin.com\/shareArticle?mini=true&url=https:\/\/viatgessantamar.es\/portfolio\/la-vall-de-nuria-amb-cremallera\/\" target=\"_blank\" class=\" wd-social-icon social-linkedin\" aria-label=\"Linkedin social link\">\n\t\t\t\t\t\t<span class=\"wd-icon\"><\/span>\n\t\t\t\t\t\t\t\t\t\t\t<\/a>\n\t\t\t\t\n\t\t\t\t\n\t\t\t\t\n\t\t\t\t\n\t\t\t\t\n\t\t\t\t\n\t\t\t\t\n\t\t\t\t\n\t\t\t\t\n\t\t\t\t\n\t\t\t\t\n\t\t\t\t\n\t\t\t\t\n\t\t\t\t\n\t\t\t\t\n\t\t\t\t\n\t\t\t\t\t\t\t\t\t<a rel=\"noopener noreferrer nofollow\" href=\"https:\/\/telegram.me\/share\/url?url=https:\/\/viatgessantamar.es\/portfolio\/la-vall-de-nuria-amb-cremallera\/\" target=\"_blank\" class=\" wd-social-icon social-tg\" aria-label=\"Telegram social link\">\n\t\t\t\t\t\t<span class=\"wd-icon\"><\/span>\n\t\t\t\t\t\t\t\t\t\t\t<\/a>\n\t\t\t\t\n\t\t\t\t\n\t\t\t<\/div>\n\n\t\t\t\t\t\t\t\t\t\t<\/div>\n\t\t\t\t\t\t\t<\/div>\n\t\t\t\t\t\t<\/div>\n\t\t\t\t\t\t\t\t\t<\/div>\n\t\t\t<\/figure>\n\t\t\n\t\t<div class=\"portfolio-info color-scheme-light\">\n\t\t\t\t\t\t\t<div class=\"wrap-meta\">\n\t\t\t\t\t<ul class=\"proj-cats-list\">\n\t\t\t\t\t\t\t\t\t\t\t\t\t\t\t\t\t\t\t\t<li>1 D\u00eda<\/li>\n\t\t\t\t\t\t\t\t\t\t\t\t\t\t\t\t\t\t\t\t<li>Est\u00e1ndares<\/li>\n\t\t\t\t\t\t\t\t\t\t\t\t\t\t\t\t\t\t\t\t<li>Excursiones<\/li>\n\t\t\t\t\t\t\t\t\t\t\t<\/ul>\n\t\t\t\t<\/div>\n\t\t\t\n\t\t\t<div class=\"wrap-title\">\n\t\t\t\t<h3 class=\"wd-entities-title\">\n\t\t\t\t\t<a href=\"https:\/\/viatgessantamar.es\/portfolio\/la-vall-de-nuria-amb-cremallera\/\" rel=\"bookmark\">La Vall de N\u00faria amb Cremallera<\/a>\n\t\t\t\t<\/h3>\n\t\t\t<\/div>\n\t\t<\/div>\n\t<\/header>\n<\/article>\n\t\t\t\t\t\t\t\t\n<article id=\"post-16158\" class=\"wd-project portfolio-entry wd-col masonry-item portfolio-hover proj-cat-1-dia proj-cat-estandares proj-cat-excursiones post-16158 portfolio type-portfolio status-publish has-post-thumbnail hentry project-cat-1-dia project-cat-estandares project-cat-excursiones\">\n\t<header class=\"entry-header\">\n\t\t\t\t\t<figure class=\"entry-thumbnail color-scheme-light\">\n\t\t\t\t<a href=\"https:\/\/viatgessantamar.es\/portfolio\/ruta-pueblos-medievales-corca-monells-cruilles\/\" class=\"portfolio-thumbnail\">\n\t\t\t\t\t<img width=\"1195\" height=\"800\" src=\"https:\/\/viatgessantamar.es\/wp-content\/uploads\/2025\/06\/Monells_Jaume_I-1195x800.jpg\" class=\"attachment-large size-large\" alt=\"\" decoding=\"async\" srcset=\"https:\/\/viatgessantamar.es\/wp-content\/uploads\/2025\/06\/Monells_Jaume_I-1195x800.jpg 1195w, https:\/\/viatgessantamar.es\/wp-content\/uploads\/2025\/06\/Monells_Jaume_I-400x268.jpg 400w, https:\/\/viatgessantamar.es\/wp-content\/uploads\/2025\/06\/Monells_Jaume_I-768x514.jpg 768w, https:\/\/viatgessantamar.es\/wp-content\/uploads\/2025\/06\/Monells_Jaume_I-1536x1028.jpg 1536w, https:\/\/viatgessantamar.es\/wp-content\/uploads\/2025\/06\/Monells_Jaume_I-2048x1371.jpg 2048w, https:\/\/viatgessantamar.es\/wp-content\/uploads\/2025\/06\/Monells_Jaume_I-430x288.jpg 430w, https:\/\/viatgessantamar.es\/wp-content\/uploads\/2025\/06\/Monells_Jaume_I-700x469.jpg 700w, https:\/\/viatgessantamar.es\/wp-content\/uploads\/2025\/06\/Monells_Jaume_I-150x100.jpg 150w\" sizes=\"(max-width: 1195px) 100vw, 1195px\" \/>\t\t\t\t<\/a>\n\t\t\t\t<div class=\"wd-portfolio-btns\">\n\t\t\t\t\t<div class=\"portfolio-enlarge wd-action-btn wd-style-icon wd-enlarge-icon\">\n\t\t\t\t\t\t<a href=\"https:\/\/viatgessantamar.es\/wp-content\/uploads\/2025\/06\/Monells_Jaume_I-scaled.jpg\" data-elementor-open-lightbox=\"no\">View Large<\/a>\n\t\t\t\t\t<\/div>\n\t\t\t\t\t\t\t\t\t\t\t<div class=\"social-icons-wrapper wd-action-btn wd-style-icon wd-share-icon wd-tltp\">\n\t\t\t\t\t\t\t<a><\/a>\n\t\t\t\t\t\t\t<div class=\"tooltip left\">\n\t\t\t\t\t\t\t\t<div class=\"tooltip-arrow\"><\/div>\n\t\t\t\t\t\t\t\t<div class=\"tooltip-inner\">\n\t\t\t\t\t\t\t\t\t\t\t\t<div id=\"\" class=\" wd-social-icons wd-style-default wd-size-small social-share wd-shape-circle color-scheme-light text-center\">\n\t\t\t\t\n\t\t\t\t\n\t\t\t\t\t\t\t\t\t<a rel=\"noopener noreferrer nofollow\" href=\"https:\/\/www.facebook.com\/sharer\/sharer.php?u=https:\/\/viatgessantamar.es\/portfolio\/ruta-pueblos-medievales-corca-monells-cruilles\/\" target=\"_blank\" class=\" wd-social-icon social-facebook\" aria-label=\"Facebook social link\">\n\t\t\t\t\t\t<span class=\"wd-icon\"><\/span>\n\t\t\t\t\t\t\t\t\t\t\t<\/a>\n\t\t\t\t\n\t\t\t\t\t\t\t\t\t<a rel=\"noopener noreferrer nofollow\" href=\"https:\/\/x.com\/share?url=https:\/\/viatgessantamar.es\/portfolio\/ruta-pueblos-medievales-corca-monells-cruilles\/\" target=\"_blank\" class=\" wd-social-icon social-twitter\" aria-label=\"X social link\">\n\t\t\t\t\t\t<span class=\"wd-icon\"><\/span>\n\t\t\t\t\t\t\t\t\t\t\t<\/a>\n\t\t\t\t\n\t\t\t\t\n\t\t\t\t\n\t\t\t\t\n\t\t\t\t\n\t\t\t\t\n\t\t\t\t\t\t\t\t\t<a rel=\"noopener noreferrer nofollow\" href=\"https:\/\/pinterest.com\/pin\/create\/button\/?url=https:\/\/viatgessantamar.es\/portfolio\/ruta-pueblos-medievales-corca-monells-cruilles\/&media=https:\/\/viatgessantamar.es\/wp-content\/uploads\/2025\/06\/Monells_Jaume_I-scaled.jpg&description=Ruta+pueblos+medievales%3A+Cor%C3%A7%C3%A0%2C+Monells%2C+Cru%C3%AFlles\" target=\"_blank\" class=\" wd-social-icon social-pinterest\" aria-label=\"Pinterest social link\">\n\t\t\t\t\t\t<span class=\"wd-icon\"><\/span>\n\t\t\t\t\t\t\t\t\t\t\t<\/a>\n\t\t\t\t\n\t\t\t\t\n\t\t\t\t\t\t\t\t\t<a rel=\"noopener noreferrer nofollow\" href=\"https:\/\/www.linkedin.com\/shareArticle?mini=true&url=https:\/\/viatgessantamar.es\/portfolio\/ruta-pueblos-medievales-corca-monells-cruilles\/\" target=\"_blank\" class=\" wd-social-icon social-linkedin\" aria-label=\"Linkedin social link\">\n\t\t\t\t\t\t<span class=\"wd-icon\"><\/span>\n\t\t\t\t\t\t\t\t\t\t\t<\/a>\n\t\t\t\t\n\t\t\t\t\n\t\t\t\t\n\t\t\t\t\n\t\t\t\t\n\t\t\t\t\n\t\t\t\t\n\t\t\t\t\n\t\t\t\t\n\t\t\t\t\n\t\t\t\t\n\t\t\t\t\n\t\t\t\t\n\t\t\t\t\n\t\t\t\t\n\t\t\t\t\n\t\t\t\t\t\t\t\t\t<a rel=\"noopener noreferrer nofollow\" href=\"https:\/\/telegram.me\/share\/url?url=https:\/\/viatgessantamar.es\/portfolio\/ruta-pueblos-medievales-corca-monells-cruilles\/\" target=\"_blank\" class=\" wd-social-icon social-tg\" aria-label=\"Telegram social link\">\n\t\t\t\t\t\t<span class=\"wd-icon\"><\/span>\n\t\t\t\t\t\t\t\t\t\t\t<\/a>\n\t\t\t\t\n\t\t\t\t\n\t\t\t<\/div>\n\n\t\t\t\t\t\t\t\t\t\t<\/div>\n\t\t\t\t\t\t\t<\/div>\n\t\t\t\t\t\t<\/div>\n\t\t\t\t\t\t\t\t\t<\/div>\n\t\t\t<\/figure>\n\t\t\n\t\t<div class=\"portfolio-info color-scheme-light\">\n\t\t\t\t\t\t\t<div class=\"wrap-meta\">\n\t\t\t\t\t<ul class=\"proj-cats-list\">\n\t\t\t\t\t\t\t\t\t\t\t\t\t\t\t\t\t\t\t\t<li>1 D\u00eda<\/li>\n\t\t\t\t\t\t\t\t\t\t\t\t\t\t\t\t\t\t\t\t<li>Est\u00e1ndares<\/li>\n\t\t\t\t\t\t\t\t\t\t\t\t\t\t\t\t\t\t\t\t<li>Excursiones<\/li>\n\t\t\t\t\t\t\t\t\t\t\t<\/ul>\n\t\t\t\t<\/div>\n\t\t\t\n\t\t\t<div class=\"wrap-title\">\n\t\t\t\t<h3 class=\"wd-entities-title\">\n\t\t\t\t\t<a href=\"https:\/\/viatgessantamar.es\/portfolio\/ruta-pueblos-medievales-corca-monells-cruilles\/\" rel=\"bookmark\">Ruta pueblos medievales: Cor\u00e7\u00e0, Monells, Cru\u00eflles<\/a>\n\t\t\t\t<\/h3>\n\t\t\t<\/div>\n\t\t<\/div>\n\t<\/header>\n<\/article>\n\t\t\n\t\t\n\t\t\n\t\t\t\t\t","status":"have-posts","nextPage":"https:\/\/viatgessantamar.es\/project-cat\/excursiones\/estandares\/1-dia\/page\/4\/?woo_ajax=1","currentPage":"https:\/\/viatgessantamar.es\/project-cat\/excursiones\/estandares\/1-dia\/page\/3"}